{"id":31142,"date":"2019-09-26T14:01:31","date_gmt":"2019-09-26T12:01:31","guid":{"rendered":"https:\/\/fotc.com\/tryb-ciemny-gmail-android-ios\/"},"modified":"2023-10-10T17:26:55","modified_gmt":"2023-10-10T15:26:55","slug":"tryb-ciemny-gmail-android-ios","status":"publish","type":"post","link":"https:\/\/fotc.com\/pl\/blog\/tryb-ciemny-gmail-android-ios\/","title":{"rendered":"Tryb ciemny w Gmailu dost\u0119pny na Android i iOS"},"content":{"rendered":"\n<div class=\"wp-block-yoast-seo-table-of-contents yoast-table-of-contents collapsed\"><h2> Spis tre\u015bci <\/h2><ul><li><a href=\"#h-dlaczego-warto-korzysta-z-motywu-ciemnego-w-gmail\" data-level=\"2\">Dlaczego warto korzysta\u0107 z motywu ciemnego w Gmail?<\/a><\/li><li><a href=\"#h-jak-w-czy-ciemny-motyw-w-gmail\" data-level=\"2\">Jak w\u0142\u0105czy\u0107 ciemny motyw w Gmail?<\/a><ul><li><a href=\"#h-android\" data-level=\"3\">Android<\/a><\/li><li><a href=\"#h-ios\" data-level=\"3\">iOS<\/a><\/li><\/ul><\/li><\/ul><\/div>\n\n\n\n<p>Dla wielu os\u00f3b Gmail to jedna z najcz\u0119\u015bciej u\u017cywanych aplikacji, zw\u0142aszcza na telefonach s\u0142u\u017cbowych. Do tej pory kolorem przewodnim aplikacji mobilnej Gmail by\u0142y czerwie\u0144, ale w tle dominowa\u0142a biel. Jednak ju\u017c nied\u0142ugo b\u0119dziemy mogli wybra\u0107, czy chcemy korzysta\u0107 z aplikacji w ciemnej, czy jasnej kolorystyce.<\/p>\n\n\n\n<div class=\"wp-block-image\"><figure class=\"aligncenter\"><img decoding=\"async\" src=\"https:\/\/fotc.com\/app\/uploads\/2021\/07\/unnamed.gif\" alt=\"motyw ciemny Gmail\" class=\"wp-image-22365\"\/><\/figure><\/div>\n\n\n\n<p><br>Motyw ciemny w Gmail nie zaskakuje \u2013 Google stopniowo wprowadza to urozmaicenie do wszystkich swoich aplikacji. Niedawno informowali\u015bmy o tym, \u017ce pojawi\u0142a si\u0119 <a href=\"https:\/\/fotc.com\/pl\/blog\/tryb-ciemny-w-google\/\" class=\"ek-link\">mo\u017cliwo\u015b\u0107 korzystania z Kalendarza Google i notatek Keep<\/a> w stonowanych barwach. Desktopowa ods\u0142ona <a href=\"https:\/\/fotc.com\/pl\/blog\/gmail-dla-firm-wszystko-co-musisz-wiedziec\/\" target=\"_blank\" aria-label=\"Gmaila dla firm (opens in a new tab)\" rel=\"noreferrer noopener\" class=\"ek-link\">Gmaila dla firm<\/a> od dawna zawiera bardzo rozbudowane opcje personalizacji wygl\u0105du przy pomocy motyw\u00f3w w ka\u017cdej wersji kolorystycznej, wi\u0119c najwy\u017csza pora na zmiany w aplikacji.<\/p>\n\n\n\n<div class=\"wp-block-image\"><figure class=\"aligncenter\"><a href=\"https:\/\/fotc.com\/pl\/ebooks\/15-funkcji-gmaila-ktore-zwiekszaja-produktywnosc\/\"><img decoding=\"async\" src=\"https:\/\/fotc.com\/app\/uploads\/2021\/08\/15-funkcji-Gmaila_PL_banner-1024x171.png\" alt=\"ebook gmail\" class=\"wp-image-56750\"\/><\/a><\/figure><\/div>\n\n\n\n<h2 class=\"wp-block-heading\" id=\"h-dlaczego-warto-korzysta-z-motywu-ciemnego-w-gmail\">Dlaczego warto korzysta\u0107 z motywu ciemnego w Gmail?<\/h2>\n\n\n\n<p>Motyw ciemny w aplikacji Gmail to nowo\u015b\u0107, kt\u00f3rej oczekiwali\u015bmy z niecierpliwo\u015bci\u0105, przede wszystkim ze wzgl\u0119du na to, \u017ce dbamy o sw\u00f3j wzrok i o akumulatory naszych smartfon\u00f3w. Biel to bardzo wymagaj\u0105cy kolor, kt\u00f3rego wy\u015bwietlanie znacznie szybciej ni\u017c inne barwy drenuje bateri\u0119 telefonu. Ponadto, gdy patrzymy na bia\u0142y ekran przez d\u0142ugi czas w ciemnym pomieszczeniu, to ryzykujemy odczuwanie negatywnych skutk\u00f3w ubocznych<\/p>\n\n\n\n<h2 class=\"wp-block-heading\" id=\"h-jak-w-czy-ciemny-motyw-w-gmail\">Jak w\u0142\u0105czy\u0107 ciemny motyw w Gmail?<\/h2>\n\n\n\n<p>Wdro\u017cenie trybu ciemnego w aplikacji Gmail rozpocz\u0119\u0142o si\u0119 24 wrze\u015bnia i potrwa oko\u0142o 15 dni. Funkcja ta b\u0119dzie domy\u015blnie dopasowana do globalnych ustawie\u0144 Twojego smartfona, jednak zostanie automatycznie w\u0142\u0105czona po uruchomieniu trybu oszcz\u0119dzania baterii.<\/p>\n\n\n\n<h3 class=\"wp-block-heading\" id=\"h-android\"><strong>Android<\/strong><\/h3>\n\n\n\n<p>Aby w\u0142\u0105czy\u0107 ciemny motyw na <strong>Androidzie 10,<\/strong> nale\u017cy wybra\u0107 <em>Ustawienia<\/em> &gt; <em>Motyw<\/em>, a nast\u0119pnie <em>Ciemny. <\/em>Niestety, u\u017cytkownicy systemu Android wcze\u015bniejszych generacji&nbsp;nie znajd\u0105 u siebie tej opcji.<\/p>\n\n\n\n<h3 class=\"wp-block-heading\" id=\"h-ios\"><strong>iOS<\/strong><\/h3>\n\n\n\n<p>W systemie <strong>iOS 11 lub 12<\/strong> ciemny motyw mo\u017cna w\u0142\u0105czy\u0107, wchodz\u0105c w <em>Ustawienia<\/em> poczty Gmail, a nast\u0119pnie wybieraj\u0105c opcj\u0119 <em>Ciemny motyw.<\/em> Ta opcja nie jest dost\u0119pna dla iPhone&#8217;\u00f3w z iOSem poni\u017cej 11.<\/p>\n","protected":false},"excerpt":{"rendered":"<p>Dla wielu os\u00f3b Gmail to jedna z najcz\u0119\u015bciej u\u017cywanych aplikacji, zw\u0142aszcza na telefonach s\u0142u\u017cbowych. Do tej pory kolorem przewodnim aplikacji mobilnej Gmail by\u0142y czerwie\u0144, ale w tle dominowa\u0142a biel. Jednak ju\u017c nied\u0142ugo b\u0119dziemy mogli wybra\u0107, czy chcemy korzysta\u0107 z aplikacji w ciemnej, czy jasnej kolorystyce. Motyw ciemny w Gmail nie zaskakuje \u2013 Google stopniowo wprowadza&#8230;<\/p>\n","protected":false},"author":15,"featured_media":4554,"comment_status":"open","ping_status":"open","sticky":false,"template":"","format":"standard","meta":{"_editorskit_title_hidden":false,"_editorskit_reading_time":0,"_editorskit_is_block_options_detached":false,"_editorskit_block_options_position":"{}","footnotes":""},"categories":[563],"tags":[97,165],"class_list":["post-31142","post","type-post","status-publish","format-standard","has-post-thumbnail","hentry","category-google-workspace-pl","tag-gmail","tag-news"],"yoast_head":"<!-- This site is optimized with the Yoast SEO Premium plugin v27.2 (Yoast SEO v27.2) - https:\/\/yoast.com\/product\/yoast-seo-premium-wordpress\/ -->\n<title>Tryb ciemny w Gmailu dost\u0119pny na Android i iOS - FOTC<\/title>\n<meta name=\"description\" content=\"Tryb ciemny staje si\u0119 coraz bardziej popularny tak\u017ce w aplikacjach Google. Po Kalendarzu oraz Keep nadszed\u0142 czas na Gmail. Ju\u017c nied\u0142ugo b\u0119dziemy mogli wybra\u0107, czy chcemy korzysta\u0107 z aplikacji w ciemnej, czy jasnej kolorystyce.\" \/>\n<meta name=\"robots\" content=\"index, follow, max-snippet:-1, max-image-preview:large, max-video-preview:-1\" \/>\n<link rel=\"canonical\" href=\"https:\/\/fotc.com\/pl\/blog\/tryb-ciemny-gmail-android-ios\/\" \/>\n<meta property=\"og:locale\" content=\"pl_PL\" \/>\n<meta property=\"og:type\" content=\"article\" \/>\n<meta property=\"og:title\" content=\"Tryb ciemny w Gmailu dost\u0119pny na Android i iOS\" \/>\n<meta property=\"og:description\" content=\"Tryb ciemny staje si\u0119 coraz bardziej popularny tak\u017ce w aplikacjach Google. Po Kalendarzu oraz Keep nadszed\u0142 czas na Gmail. Ju\u017c nied\u0142ugo b\u0119dziemy mogli wybra\u0107, czy chcemy korzysta\u0107 z aplikacji w ciemnej, czy jasnej kolorystyce.\" \/>\n<meta property=\"og:url\" content=\"https:\/\/fotc.com\/pl\/blog\/tryb-ciemny-gmail-android-ios\/\" \/>\n<meta property=\"og:site_name\" content=\"FOTC\" \/>\n<meta property=\"article:published_time\" content=\"2019-09-26T12:01:31+00:00\" \/>\n<meta property=\"article:modified_time\" content=\"2023-10-10T15:26:55+00:00\" \/>\n<meta property=\"og:image\" content=\"https:\/\/fotc.com\/app\/uploads\/2021\/07\/Tryb-ciemny-Gmail_1200x628-1.jpg\" \/>\n\t<meta property=\"og:image:width\" content=\"1200\" \/>\n\t<meta property=\"og:image:height\" content=\"628\" \/>\n\t<meta property=\"og:image:type\" content=\"image\/jpeg\" \/>\n<meta name=\"author\" content=\"Kamil Lasek\" \/>\n<meta name=\"twitter:card\" content=\"summary_large_image\" \/>\n<script type=\"application\/ld+json\" class=\"yoast-schema-graph\">{\"@context\":\"https:\/\/schema.org\",\"@graph\":[{\"@type\":\"Article\",\"@id\":\"https:\/\/fotc.com\/pl\/blog\/tryb-ciemny-gmail-android-ios\/#article\",\"isPartOf\":{\"@id\":\"https:\/\/fotc.com\/pl\/blog\/tryb-ciemny-gmail-android-ios\/\"},\"author\":{\"name\":\"Kamil Lasek\",\"@id\":\"https:\/\/fotc.com\/pl\/#\/schema\/person\/03f7139ac717879f938e19d7bef79b24\"},\"headline\":\"Tryb ciemny w Gmailu dost\u0119pny na Android i iOS\",\"datePublished\":\"2019-09-26T12:01:31+00:00\",\"dateModified\":\"2023-10-10T15:26:55+00:00\",\"mainEntityOfPage\":{\"@id\":\"https:\/\/fotc.com\/pl\/blog\/tryb-ciemny-gmail-android-ios\/\"},\"wordCount\":352,\"commentCount\":0,\"image\":{\"@id\":\"https:\/\/fotc.com\/pl\/blog\/tryb-ciemny-gmail-android-ios\/#primaryimage\"},\"thumbnailUrl\":\"https:\/\/fotc.com\/app\/uploads\/2021\/07\/Tryb-ciemny-Gmail_1200x628-1.jpg\",\"keywords\":[\"Gmail\",\"News\"],\"articleSection\":[\"Google Workspace\"],\"inLanguage\":\"pl-PL\",\"potentialAction\":[{\"@type\":\"CommentAction\",\"name\":\"Comment\",\"target\":[\"https:\/\/fotc.com\/pl\/blog\/tryb-ciemny-gmail-android-ios\/#respond\"]}],\"accessibilityFeature\":[\"tableOfContents\"]},{\"@type\":\"WebPage\",\"@id\":\"https:\/\/fotc.com\/pl\/blog\/tryb-ciemny-gmail-android-ios\/\",\"url\":\"https:\/\/fotc.com\/pl\/blog\/tryb-ciemny-gmail-android-ios\/\",\"name\":\"Tryb ciemny w Gmailu dost\u0119pny na Android i iOS - FOTC\",\"isPartOf\":{\"@id\":\"https:\/\/fotc.com\/pl\/#website\"},\"primaryImageOfPage\":{\"@id\":\"https:\/\/fotc.com\/pl\/blog\/tryb-ciemny-gmail-android-ios\/#primaryimage\"},\"image\":{\"@id\":\"https:\/\/fotc.com\/pl\/blog\/tryb-ciemny-gmail-android-ios\/#primaryimage\"},\"thumbnailUrl\":\"https:\/\/fotc.com\/app\/uploads\/2021\/07\/Tryb-ciemny-Gmail_1200x628-1.jpg\",\"datePublished\":\"2019-09-26T12:01:31+00:00\",\"dateModified\":\"2023-10-10T15:26:55+00:00\",\"author\":{\"@id\":\"https:\/\/fotc.com\/pl\/#\/schema\/person\/03f7139ac717879f938e19d7bef79b24\"},\"description\":\"Tryb ciemny staje si\u0119 coraz bardziej popularny tak\u017ce w aplikacjach Google. Po Kalendarzu oraz Keep nadszed\u0142 czas na Gmail. Ju\u017c nied\u0142ugo b\u0119dziemy mogli wybra\u0107, czy chcemy korzysta\u0107 z aplikacji w ciemnej, czy jasnej kolorystyce.\",\"breadcrumb\":{\"@id\":\"https:\/\/fotc.com\/pl\/blog\/tryb-ciemny-gmail-android-ios\/#breadcrumb\"},\"inLanguage\":\"pl-PL\",\"potentialAction\":[{\"@type\":\"ReadAction\",\"target\":[\"https:\/\/fotc.com\/pl\/blog\/tryb-ciemny-gmail-android-ios\/\"]}]},{\"@type\":\"ImageObject\",\"inLanguage\":\"pl-PL\",\"@id\":\"https:\/\/fotc.com\/pl\/blog\/tryb-ciemny-gmail-android-ios\/#primaryimage\",\"url\":\"https:\/\/fotc.com\/app\/uploads\/2021\/07\/Tryb-ciemny-Gmail_1200x628-1.jpg\",\"contentUrl\":\"https:\/\/fotc.com\/app\/uploads\/2021\/07\/Tryb-ciemny-Gmail_1200x628-1.jpg\",\"width\":1200,\"height\":628},{\"@type\":\"BreadcrumbList\",\"@id\":\"https:\/\/fotc.com\/pl\/blog\/tryb-ciemny-gmail-android-ios\/#breadcrumb\",\"itemListElement\":[{\"@type\":\"ListItem\",\"position\":1,\"name\":\"Home\",\"item\":\"https:\/\/fotc.com\/pl\/\"},{\"@type\":\"ListItem\",\"position\":2,\"name\":\"Google Workspace\",\"item\":\"https:\/\/fotc.com\/pl\/blog\/category\/google-workspace-pl\/\"},{\"@type\":\"ListItem\",\"position\":3,\"name\":\"Tryb ciemny w Gmailu dost\u0119pny na Android i iOS\"}]},{\"@type\":\"WebSite\",\"@id\":\"https:\/\/fotc.com\/pl\/#website\",\"url\":\"https:\/\/fotc.com\/pl\/\",\"name\":\"FOTC\",\"description\":\"Partner Google Cloud\",\"potentialAction\":[{\"@type\":\"SearchAction\",\"target\":{\"@type\":\"EntryPoint\",\"urlTemplate\":\"https:\/\/fotc.com\/pl\/?s={search_term_string}\"},\"query-input\":{\"@type\":\"PropertyValueSpecification\",\"valueRequired\":true,\"valueName\":\"search_term_string\"}}],\"inLanguage\":\"pl-PL\"},{\"@type\":\"Person\",\"@id\":\"https:\/\/fotc.com\/pl\/#\/schema\/person\/03f7139ac717879f938e19d7bef79b24\",\"name\":\"Kamil Lasek\",\"image\":{\"@type\":\"ImageObject\",\"inLanguage\":\"pl-PL\",\"@id\":\"https:\/\/secure.gravatar.com\/avatar\/9cd09fc27255f25f2bd29bfe65c51be04b808a2fe7dfcc23d8520cd59df377e0?s=96&d=mm&r=g\",\"url\":\"https:\/\/secure.gravatar.com\/avatar\/9cd09fc27255f25f2bd29bfe65c51be04b808a2fe7dfcc23d8520cd59df377e0?s=96&d=mm&r=g\",\"contentUrl\":\"https:\/\/secure.gravatar.com\/avatar\/9cd09fc27255f25f2bd29bfe65c51be04b808a2fe7dfcc23d8520cd59df377e0?s=96&d=mm&r=g\",\"caption\":\"Kamil Lasek\"},\"description\":\"Music and marketing enthusiast. In the first field, he fulfils himself as a DJ, and in the second as a Chief Marketing Officer. He follows the principle \\\"You can\u2019t improve what you don't measure\\\".\",\"url\":\"https:\/\/fotc.com\/pl\/blog\/author\/kamil-lasek\/\"}]}<\/script>\n<!-- \/ Yoast SEO Premium plugin. -->","yoast_head_json":{"title":"Tryb ciemny w Gmailu dost\u0119pny na Android i iOS - FOTC","description":"Tryb ciemny staje si\u0119 coraz bardziej popularny tak\u017ce w aplikacjach Google. Po Kalendarzu oraz Keep nadszed\u0142 czas na Gmail. Ju\u017c nied\u0142ugo b\u0119dziemy mogli wybra\u0107, czy chcemy korzysta\u0107 z aplikacji w ciemnej, czy jasnej kolorystyce.","robots":{"index":"index","follow":"follow","max-snippet":"max-snippet:-1","max-image-preview":"max-image-preview:large","max-video-preview":"max-video-preview:-1"},"canonical":"https:\/\/fotc.com\/pl\/blog\/tryb-ciemny-gmail-android-ios\/","og_locale":"pl_PL","og_type":"article","og_title":"Tryb ciemny w Gmailu dost\u0119pny na Android i iOS","og_description":"Tryb ciemny staje si\u0119 coraz bardziej popularny tak\u017ce w aplikacjach Google. Po Kalendarzu oraz Keep nadszed\u0142 czas na Gmail. Ju\u017c nied\u0142ugo b\u0119dziemy mogli wybra\u0107, czy chcemy korzysta\u0107 z aplikacji w ciemnej, czy jasnej kolorystyce.","og_url":"https:\/\/fotc.com\/pl\/blog\/tryb-ciemny-gmail-android-ios\/","og_site_name":"FOTC","article_published_time":"2019-09-26T12:01:31+00:00","article_modified_time":"2023-10-10T15:26:55+00:00","og_image":[{"width":1200,"height":628,"url":"https:\/\/fotc.com\/app\/uploads\/2021\/07\/Tryb-ciemny-Gmail_1200x628-1.jpg","type":"image\/jpeg"}],"author":"Kamil Lasek","twitter_card":"summary_large_image","schema":{"@context":"https:\/\/schema.org","@graph":[{"@type":"Article","@id":"https:\/\/fotc.com\/pl\/blog\/tryb-ciemny-gmail-android-ios\/#article","isPartOf":{"@id":"https:\/\/fotc.com\/pl\/blog\/tryb-ciemny-gmail-android-ios\/"},"author":{"name":"Kamil Lasek","@id":"https:\/\/fotc.com\/pl\/#\/schema\/person\/03f7139ac717879f938e19d7bef79b24"},"headline":"Tryb ciemny w Gmailu dost\u0119pny na Android i iOS","datePublished":"2019-09-26T12:01:31+00:00","dateModified":"2023-10-10T15:26:55+00:00","mainEntityOfPage":{"@id":"https:\/\/fotc.com\/pl\/blog\/tryb-ciemny-gmail-android-ios\/"},"wordCount":352,"commentCount":0,"image":{"@id":"https:\/\/fotc.com\/pl\/blog\/tryb-ciemny-gmail-android-ios\/#primaryimage"},"thumbnailUrl":"https:\/\/fotc.com\/app\/uploads\/2021\/07\/Tryb-ciemny-Gmail_1200x628-1.jpg","keywords":["Gmail","News"],"articleSection":["Google Workspace"],"inLanguage":"pl-PL","potentialAction":[{"@type":"CommentAction","name":"Comment","target":["https:\/\/fotc.com\/pl\/blog\/tryb-ciemny-gmail-android-ios\/#respond"]}],"accessibilityFeature":["tableOfContents"]},{"@type":"WebPage","@id":"https:\/\/fotc.com\/pl\/blog\/tryb-ciemny-gmail-android-ios\/","url":"https:\/\/fotc.com\/pl\/blog\/tryb-ciemny-gmail-android-ios\/","name":"Tryb ciemny w Gmailu dost\u0119pny na Android i iOS - FOTC","isPartOf":{"@id":"https:\/\/fotc.com\/pl\/#website"},"primaryImageOfPage":{"@id":"https:\/\/fotc.com\/pl\/blog\/tryb-ciemny-gmail-android-ios\/#primaryimage"},"image":{"@id":"https:\/\/fotc.com\/pl\/blog\/tryb-ciemny-gmail-android-ios\/#primaryimage"},"thumbnailUrl":"https:\/\/fotc.com\/app\/uploads\/2021\/07\/Tryb-ciemny-Gmail_1200x628-1.jpg","datePublished":"2019-09-26T12:01:31+00:00","dateModified":"2023-10-10T15:26:55+00:00","author":{"@id":"https:\/\/fotc.com\/pl\/#\/schema\/person\/03f7139ac717879f938e19d7bef79b24"},"description":"Tryb ciemny staje si\u0119 coraz bardziej popularny tak\u017ce w aplikacjach Google. Po Kalendarzu oraz Keep nadszed\u0142 czas na Gmail. Ju\u017c nied\u0142ugo b\u0119dziemy mogli wybra\u0107, czy chcemy korzysta\u0107 z aplikacji w ciemnej, czy jasnej kolorystyce.","breadcrumb":{"@id":"https:\/\/fotc.com\/pl\/blog\/tryb-ciemny-gmail-android-ios\/#breadcrumb"},"inLanguage":"pl-PL","potentialAction":[{"@type":"ReadAction","target":["https:\/\/fotc.com\/pl\/blog\/tryb-ciemny-gmail-android-ios\/"]}]},{"@type":"ImageObject","inLanguage":"pl-PL","@id":"https:\/\/fotc.com\/pl\/blog\/tryb-ciemny-gmail-android-ios\/#primaryimage","url":"https:\/\/fotc.com\/app\/uploads\/2021\/07\/Tryb-ciemny-Gmail_1200x628-1.jpg","contentUrl":"https:\/\/fotc.com\/app\/uploads\/2021\/07\/Tryb-ciemny-Gmail_1200x628-1.jpg","width":1200,"height":628},{"@type":"BreadcrumbList","@id":"https:\/\/fotc.com\/pl\/blog\/tryb-ciemny-gmail-android-ios\/#breadcrumb","itemListElement":[{"@type":"ListItem","position":1,"name":"Home","item":"https:\/\/fotc.com\/pl\/"},{"@type":"ListItem","position":2,"name":"Google Workspace","item":"https:\/\/fotc.com\/pl\/blog\/category\/google-workspace-pl\/"},{"@type":"ListItem","position":3,"name":"Tryb ciemny w Gmailu dost\u0119pny na Android i iOS"}]},{"@type":"WebSite","@id":"https:\/\/fotc.com\/pl\/#website","url":"https:\/\/fotc.com\/pl\/","name":"FOTC","description":"Partner Google Cloud","potentialAction":[{"@type":"SearchAction","target":{"@type":"EntryPoint","urlTemplate":"https:\/\/fotc.com\/pl\/?s={search_term_string}"},"query-input":{"@type":"PropertyValueSpecification","valueRequired":true,"valueName":"search_term_string"}}],"inLanguage":"pl-PL"},{"@type":"Person","@id":"https:\/\/fotc.com\/pl\/#\/schema\/person\/03f7139ac717879f938e19d7bef79b24","name":"Kamil Lasek","image":{"@type":"ImageObject","inLanguage":"pl-PL","@id":"https:\/\/secure.gravatar.com\/avatar\/9cd09fc27255f25f2bd29bfe65c51be04b808a2fe7dfcc23d8520cd59df377e0?s=96&d=mm&r=g","url":"https:\/\/secure.gravatar.com\/avatar\/9cd09fc27255f25f2bd29bfe65c51be04b808a2fe7dfcc23d8520cd59df377e0?s=96&d=mm&r=g","contentUrl":"https:\/\/secure.gravatar.com\/avatar\/9cd09fc27255f25f2bd29bfe65c51be04b808a2fe7dfcc23d8520cd59df377e0?s=96&d=mm&r=g","caption":"Kamil Lasek"},"description":"Music and marketing enthusiast. In the first field, he fulfils himself as a DJ, and in the second as a Chief Marketing Officer. He follows the principle \"You can\u2019t improve what you don't measure\".","url":"https:\/\/fotc.com\/pl\/blog\/author\/kamil-lasek\/"}]}},"_links":{"self":[{"href":"https:\/\/fotc.com\/pl\/wp-json\/wp\/v2\/posts\/31142","targetHints":{"allow":["GET"]}}],"collection":[{"href":"https:\/\/fotc.com\/pl\/wp-json\/wp\/v2\/posts"}],"about":[{"href":"https:\/\/fotc.com\/pl\/wp-json\/wp\/v2\/types\/post"}],"author":[{"embeddable":true,"href":"https:\/\/fotc.com\/pl\/wp-json\/wp\/v2\/users\/15"}],"replies":[{"embeddable":true,"href":"https:\/\/fotc.com\/pl\/wp-json\/wp\/v2\/comments?post=31142"}],"version-history":[{"count":0,"href":"https:\/\/fotc.com\/pl\/wp-json\/wp\/v2\/posts\/31142\/revisions"}],"wp:featuredmedia":[{"embeddable":true,"href":"https:\/\/fotc.com\/pl\/wp-json\/wp\/v2\/media\/4554"}],"wp:attachment":[{"href":"https:\/\/fotc.com\/pl\/wp-json\/wp\/v2\/media?parent=31142"}],"wp:term":[{"taxonomy":"category","embeddable":true,"href":"https:\/\/fotc.com\/pl\/wp-json\/wp\/v2\/categories?post=31142"},{"taxonomy":"post_tag","embeddable":true,"href":"https:\/\/fotc.com\/pl\/wp-json\/wp\/v2\/tags?post=31142"}],"curies":[{"name":"wp","href":"https:\/\/api.w.org\/{rel}","templated":true}]}}